{"id":4309,"date":"2024-08-16T19:59:05","date_gmt":"2024-08-16T22:59:05","guid":{"rendered":"https:\/\/isortiz-cba.infd.edu.ar\/sitio\/?p=4309"},"modified":"2024-08-16T19:59:06","modified_gmt":"2024-08-16T22:59:06","slug":"17-de-agosto-paso-a-la-inmortalidad-del-gral-jose-de-san-martin","status":"publish","type":"post","link":"https:\/\/isortiz-cba.infd.edu.ar\/sitio\/17-de-agosto-paso-a-la-inmortalidad-del-gral-jose-de-san-martin\/","title":{"rendered":"17 de agosto: Paso a la Inmortalidad del Gral. Jos\u00e9 de San Mart\u00edn"},"content":{"rendered":"\n<p>El 17 de agosto de 1850 falleci\u00f3 en Boulogne-sur-Mer, Francia, el general Jos\u00e9 Francisco de San Mart\u00edn, libertador de Argentina, Chile y Per\u00fa, y una de las figuras m\u00e1s destacadas de la historia argentina y latinoamericana.<\/p>\n\n\n\n<p>San Mart\u00edn obtuvo su primera victoria en la causa de la independencia de Am\u00e9rica en el combate de San Lorenzo (1813), al frente de los Granaderos a Caballo. Fue gobernador intendente de Cuyo y organiz\u00f3 el Ej\u00e9rcito de los Andes. Tras cruzar la cordillera, obtuvo las victorias de Chacabuco (1817) y Maip\u00fa (1818), que aseguraron la independencia de Chile. En 1821 entr\u00f3 en Lima, Per\u00fa, y el 28 julio declar\u00f3 la independencia de ese pa\u00eds. Las discrepancias con el gobierno de Buenos Aires lo llevaron a marchar hacia Europa.<\/p>\n\n\n\n<p>Hab\u00eda nacido en Yapey\u00fa, actual provincia de Corrientes, el 25 de febrero de 1778.<\/p>\n\n\n\n<p>Compartimos algunos enlaces de inter\u00e9s:<\/p>\n\n\n\n<ul>\n<li><a rel=\"noreferrer noopener\" href=\"https:\/\/www.educ.ar\/recursos\/158901\" target=\"_blank\">Recorrido virtual en el Museo Hist\u00f3rico Nacional San Mart\u00edn<\/a><\/li>\n<\/ul>\n\n\n\n<p>Presenta una colecci\u00f3n de objetos que pertenecieron a San Mart\u00edn y a otras figuras cercanas.<\/p>\n\n\n\n<ul>\n<li><a rel=\"noreferrer noopener\" href=\"https:\/\/www.educ.ar\/recursos\/132525\/san%20martin\" target=\"_blank\">Cuatro momentos en la vida del Libertador<\/a><\/li>\n<\/ul>\n\n\n\n<p>Ofrece un recorrido por la vida de San Mart\u00edn, dividido en cuatro etapas.<\/p>\n","protected":false},"excerpt":{"rendered":"<p>El 17 de agosto de 1850 falleci\u00f3 en Boulogne-sur-Mer, Francia, el general Jos\u00e9 Francisco de San Mart\u00edn, libertador de Argentina, Chile y Per\u00fa, y una de las figuras m\u00e1s destacadas de la historia argentina y latinoamericana. San Mart\u00edn obtuvo su primera victoria en la causa de la independencia de Am\u00e9rica en el combate de San &#8230; <a title=\"17 de agosto: Paso a la Inmortalidad del Gral. Jos\u00e9 de San Mart\u00edn\" class=\"read-more\" href=\"https:\/\/isortiz-cba.infd.edu.ar\/sitio\/17-de-agosto-paso-a-la-inmortalidad-del-gral-jose-de-san-martin\/\" aria-label=\"More on 17 de agosto: Paso a la Inmortalidad del Gral. Jos\u00e9 de San Mart\u00edn\">[+]<\/a><\/p>\n","protected":false},"author":1330,"featured_media":4306,"comment_status":"open","ping_status":"open","sticky":false,"template":"","format":"standard","meta":[],"categories":[1],"tags":[],"acf":[],"_links":{"self":[{"href":"https:\/\/isortiz-cba.infd.edu.ar\/sitio\/wp-json\/wp\/v2\/posts\/4309"}],"collection":[{"href":"https:\/\/isortiz-cba.infd.edu.ar\/sitio\/wp-json\/wp\/v2\/posts"}],"about":[{"href":"https:\/\/isortiz-cba.infd.edu.ar\/sitio\/wp-json\/wp\/v2\/types\/post"}],"author":[{"embeddable":true,"href":"https:\/\/isortiz-cba.infd.edu.ar\/sitio\/wp-json\/wp\/v2\/users\/1330"}],"replies":[{"embeddable":true,"href":"https:\/\/isortiz-cba.infd.edu.ar\/sitio\/wp-json\/wp\/v2\/comments?post=4309"}],"version-history":[{"count":1,"href":"https:\/\/isortiz-cba.infd.edu.ar\/sitio\/wp-json\/wp\/v2\/posts\/4309\/revisions"}],"predecessor-version":[{"id":4310,"href":"https:\/\/isortiz-cba.infd.edu.ar\/sitio\/wp-json\/wp\/v2\/posts\/4309\/revisions\/4310"}],"wp:featuredmedia":[{"embeddable":true,"href":"https:\/\/isortiz-cba.infd.edu.ar\/sitio\/wp-json\/wp\/v2\/media\/4306"}],"wp:attachment":[{"href":"https:\/\/isortiz-cba.infd.edu.ar\/sitio\/wp-json\/wp\/v2\/media?parent=4309"}],"wp:term":[{"taxonomy":"category","embeddable":true,"href":"https:\/\/isortiz-cba.infd.edu.ar\/sitio\/wp-json\/wp\/v2\/categories?post=4309"},{"taxonomy":"post_tag","embeddable":true,"href":"https:\/\/isortiz-cba.infd.edu.ar\/sitio\/wp-json\/wp\/v2\/tags?post=4309"}],"curies":[{"name":"wp","href":"https:\/\/api.w.org\/{rel}","templated":true}]}}